{"id":3591,"date":"2023-06-01T17:45:40","date_gmt":"2023-06-01T15:45:40","guid":{"rendered":"https:\/\/prescot.pl\/vilka-parametrar-bor-jag-vara-uppmarksam-pa-nar-jag-koper-led-ljuskallor\/"},"modified":"2023-06-12T16:32:33","modified_gmt":"2023-06-12T14:32:33","slug":"vilka-parametrar-bor-jag-vara-uppmarksam-pa-nar-jag-koper-led-ljuskallor","status":"publish","type":"post","link":"https:\/\/prescot.pl\/sv\/vilka-parametrar-bor-jag-vara-uppmarksam-pa-nar-jag-koper-led-ljuskallor\/","title":{"rendered":"Vilka parametrar b\u00f6r jag vara uppm\u00e4rksam p\u00e5 n\u00e4r jag k\u00f6per LED-ljusk\u00e4llor?"},"content":{"rendered":"<h1>Vilka parametrar b\u00f6r jag vara uppm\u00e4rksam p\u00e5 n\u00e4r jag k\u00f6per LED-ljusk\u00e4llor?<\/h1>\n<p>&nbsp;<\/p>\n<ul>\n<li><strong>Watt<\/strong> &#8211; Watt \u00e4r ett m\u00e5tt p\u00e5 hur m\u00e5nga watt (W) en gl\u00f6dlampa f\u00f6rbrukar. Kort sagt, den m\u00e4ter energi. Eftersom LED-lampor \u00e4r de mest energieffektiva, anv\u00e4nder de flesta mindre energi och har l\u00e4gre wattal \u00e4n traditionella belysningsprodukter.<\/li>\n<li><strong>Lumen<\/strong> &#8211; Lumen (lm) \u00e4r ett m\u00e5tt p\u00e5 hur mycket ljus en ljusk\u00e4lla avger. Genom att j\u00e4mf\u00f6ra lumen f\u00f6r en LED-lampa med lumen f\u00f6r en traditionell lampa kan man avg\u00f6ra om en LED-lampa kommer att vara tillr\u00e4ckligt ljusstark f\u00f6r att direkt ers\u00e4tta en traditionell lampa.<\/li>\n<li><strong>Ljusutbyte<\/strong> &#8211; eller (lm\/W) \u00e4r f\u00f6rh\u00e5llandet mellan antalet lumen (hur mycket ljus) per watt f\u00f6rbrukad energi. Ju h\u00f6gre effektivitetsfaktor, desto mer effektivt lyser ljusk\u00e4llan.<\/li>\n<li><strong>F\u00e4rgtemperatur<\/strong> &#8211; uttryckt i Kelvin (K) \u00e4r en indikator p\u00e5 hur gul eller bl\u00e5 f\u00e4rgen p\u00e5 det ljus som avges av en ljusk\u00e4lla ser ut. Varma ljusk\u00e4llor har en l\u00e5g f\u00e4rgtemperatur (2200-3000K) och verkar mer gula eller orange. &gt;Kalla ljusk\u00e4llor har en h\u00f6g f\u00e4rgtemperatur ( 4000K) och verkar bl\u00e5are.<\/li>\n<li><strong>CRI<\/strong> &#8211; f\u00e4rg\u00e5tergivningsindex (Ra) Ju h\u00f6gre v\u00e4rde, desto mindre f\u00f6rvr\u00e4ngda \u00e4r f\u00e4rgerna p\u00e5 de belysta objekten. &gt;&gt;S\u00e5 med LED-ljusk\u00e4llor \u00e4r det v\u00e4rt att sikta p\u00e5 Ra-v\u00e4rden 80, Ra 90<\/li>\n<\/ul>\n<p>&nbsp;<\/p>\n<p>Om du har n\u00e5gra fr\u00e5gor om hur du hittar r\u00e4tt <strong>LED-belysning<\/strong>, tveka inte att <a href=\"https:\/\/www.prescot.pl\/kontakt\/#formularz\" target=\"_blank\" rel=\"noopener\">kontakta oss<\/a>. V\u00e5ra belysningsexperter hj\u00e4lper dig att v\u00e4lja r\u00e4tt produkt f\u00f6r dig.<\/p>\n<p><img loading=\"lazy\" decoding=\"async\" class=\"size-full wp-image-1311\" src=\"https:\/\/www.prescot.pl\/wp-content\/uploads\/2021\/12\/AdobeStock_247320461-scaled.jpeg\" alt=\"\" width=\"2560\" height=\"1707\" srcset=\"https:\/\/prescot.pl\/wp-content\/uploads\/2021\/12\/AdobeStock_247320461-scaled.jpeg 2560w, https:\/\/prescot.pl\/wp-content\/uploads\/2021\/12\/AdobeStock_247320461-300x200.jpeg 300w, https:\/\/prescot.pl\/wp-content\/uploads\/2021\/12\/AdobeStock_247320461-1024x683.jpeg 1024w, https:\/\/prescot.pl\/wp-content\/uploads\/2021\/12\/AdobeStock_247320461-768x512.jpeg 768w, https:\/\/prescot.pl\/wp-content\/uploads\/2021\/12\/AdobeStock_247320461-1536x1024.jpeg 1536w, https:\/\/prescot.pl\/wp-content\/uploads\/2021\/12\/AdobeStock_247320461-2048x1365.jpeg 2048w\" sizes=\"auto, (max-width: 2560px) 100vw, 2560px\" \/><\/p>\n<p>&nbsp;<\/p>\n","protected":false},"excerpt":{"rendered":"<p>Vilka parametrar b\u00f6r jag vara uppm\u00e4rksam p\u00e5 n\u00e4r jag k\u00f6per LED-ljusk\u00e4llor? &nbsp; Watt &#8211; Watt \u00e4r ett m\u00e5tt p\u00e5 hur m\u00e5nga watt (W) en gl\u00f6dlampa f\u00f6rbrukar. Kort sagt, den m\u00e4ter energi. Eftersom LED-lampor \u00e4r de mest energieffektiva, anv\u00e4nder de flesta mindre energi och har l\u00e4gre wattal \u00e4n traditionella belysningsprodukter. Lumen &#8211; Lumen (lm) \u00e4r ett [&hellip;]<\/p>\n","protected":false},"author":4,"featured_media":3499,"comment_status":"closed","ping_status":"closed","sticky":false,"template":"","format":"standard","meta":{"_acf_changed":false,"footnotes":""},"categories":[34],"tags":[],"class_list":["post-3591","post","type-post","status-publish","format-standard","has-post-thumbnail","hentry","category-okategoriserad"],"acf":[],"yoast_head":"<!-- This site is optimized with the Yoast SEO plugin v27.4 - https:\/\/yoast.com\/product\/yoast-seo-wordpress\/ -->\n<title>Vilka parametrar b\u00f6r jag vara uppm\u00e4rksam p\u00e5 n\u00e4r jag k\u00f6per LED-ljusk\u00e4llor? &#8211; Prescot<\/title>\n<meta name=\"robots\" content=\"index, follow, max-snippet:-1, max-image-preview:large, max-video-preview:-1\" \/>\n<link rel=\"canonical\" href=\"https:\/\/prescot.pl\/sv\/vilka-parametrar-bor-jag-vara-uppmarksam-pa-nar-jag-koper-led-ljuskallor\/\" \/>\n<meta property=\"og:locale\" content=\"sv_SE\" \/>\n<meta property=\"og:type\" content=\"article\" \/>\n<meta property=\"og:title\" content=\"Vilka parametrar b\u00f6r jag vara uppm\u00e4rksam p\u00e5 n\u00e4r jag k\u00f6per LED-ljusk\u00e4llor? &#8211; Prescot\" \/>\n<meta property=\"og:description\" content=\"Vilka parametrar b\u00f6r jag vara uppm\u00e4rksam p\u00e5 n\u00e4r jag k\u00f6per LED-ljusk\u00e4llor? &nbsp; Watt &#8211; Watt \u00e4r ett m\u00e5tt p\u00e5 hur m\u00e5nga watt (W) en gl\u00f6dlampa f\u00f6rbrukar. Kort sagt, den m\u00e4ter energi. Eftersom LED-lampor \u00e4r de mest energieffektiva, anv\u00e4nder de flesta mindre energi och har l\u00e4gre wattal \u00e4n traditionella belysningsprodukter. Lumen &#8211; Lumen (lm) \u00e4r ett [&hellip;]\" \/>\n<meta property=\"og:url\" content=\"https:\/\/prescot.pl\/sv\/vilka-parametrar-bor-jag-vara-uppmarksam-pa-nar-jag-koper-led-ljuskallor\/\" \/>\n<meta property=\"og:site_name\" content=\"Prescot\" \/>\n<meta property=\"article:publisher\" content=\"https:\/\/www.facebook.com\/prescot.gizycko\" \/>\n<meta property=\"article:published_time\" content=\"2023-06-01T15:45:40+00:00\" \/>\n<meta property=\"article:modified_time\" content=\"2023-06-12T14:32:33+00:00\" \/>\n<meta property=\"og:image\" content=\"https:\/\/prescot.pl\/wp-content\/uploads\/2021\/12\/AdobeStock_247320461opt.jpg\" \/>\n\t<meta property=\"og:image:width\" content=\"1440\" \/>\n\t<meta property=\"og:image:height\" content=\"960\" \/>\n\t<meta property=\"og:image:type\" content=\"image\/jpeg\" \/>\n<meta name=\"author\" content=\"k@rol\" \/>\n<meta name=\"twitter:card\" content=\"summary_large_image\" \/>\n<meta name=\"twitter:label1\" content=\"Skriven av\" \/>\n\t<meta name=\"twitter:data1\" content=\"k@rol\" \/>\n\t<meta name=\"twitter:label2\" content=\"Ber\u00e4knad l\u00e4stid\" \/>\n\t<meta name=\"twitter:data2\" content=\"1 minut\" \/>\n<script type=\"application\/ld+json\" class=\"yoast-schema-graph\">{\"@context\":\"https:\\\/\\\/schema.org\",\"@graph\":[{\"@type\":\"Article\",\"@id\":\"https:\\\/\\\/prescot.pl\\\/sv\\\/vilka-parametrar-bor-jag-vara-uppmarksam-pa-nar-jag-koper-led-ljuskallor\\\/#article\",\"isPartOf\":{\"@id\":\"https:\\\/\\\/prescot.pl\\\/sv\\\/vilka-parametrar-bor-jag-vara-uppmarksam-pa-nar-jag-koper-led-ljuskallor\\\/\"},\"author\":{\"name\":\"k@rol\",\"@id\":\"https:\\\/\\\/prescot.pl\\\/sv\\\/#\\\/schema\\\/person\\\/0ad9478762b5a661712f7b80bb0f338e\"},\"headline\":\"Vilka parametrar b\u00f6r jag vara uppm\u00e4rksam p\u00e5 n\u00e4r jag k\u00f6per LED-ljusk\u00e4llor?\",\"datePublished\":\"2023-06-01T15:45:40+00:00\",\"dateModified\":\"2023-06-12T14:32:33+00:00\",\"mainEntityOfPage\":{\"@id\":\"https:\\\/\\\/prescot.pl\\\/sv\\\/vilka-parametrar-bor-jag-vara-uppmarksam-pa-nar-jag-koper-led-ljuskallor\\\/\"},\"wordCount\":297,\"publisher\":{\"@id\":\"https:\\\/\\\/prescot.pl\\\/sv\\\/#organization\"},\"image\":{\"@id\":\"https:\\\/\\\/prescot.pl\\\/sv\\\/vilka-parametrar-bor-jag-vara-uppmarksam-pa-nar-jag-koper-led-ljuskallor\\\/#primaryimage\"},\"thumbnailUrl\":\"https:\\\/\\\/prescot.pl\\\/wp-content\\\/uploads\\\/2021\\\/12\\\/AdobeStock_247320461opt.jpg\",\"articleSection\":[\"Okategoriserad\"],\"inLanguage\":\"sv-SE\"},{\"@type\":\"WebPage\",\"@id\":\"https:\\\/\\\/prescot.pl\\\/sv\\\/vilka-parametrar-bor-jag-vara-uppmarksam-pa-nar-jag-koper-led-ljuskallor\\\/\",\"url\":\"https:\\\/\\\/prescot.pl\\\/sv\\\/vilka-parametrar-bor-jag-vara-uppmarksam-pa-nar-jag-koper-led-ljuskallor\\\/\",\"name\":\"Vilka parametrar b\u00f6r jag vara uppm\u00e4rksam p\u00e5 n\u00e4r jag k\u00f6per LED-ljusk\u00e4llor? &#8211; Prescot\",\"isPartOf\":{\"@id\":\"https:\\\/\\\/prescot.pl\\\/sv\\\/#website\"},\"primaryImageOfPage\":{\"@id\":\"https:\\\/\\\/prescot.pl\\\/sv\\\/vilka-parametrar-bor-jag-vara-uppmarksam-pa-nar-jag-koper-led-ljuskallor\\\/#primaryimage\"},\"image\":{\"@id\":\"https:\\\/\\\/prescot.pl\\\/sv\\\/vilka-parametrar-bor-jag-vara-uppmarksam-pa-nar-jag-koper-led-ljuskallor\\\/#primaryimage\"},\"thumbnailUrl\":\"https:\\\/\\\/prescot.pl\\\/wp-content\\\/uploads\\\/2021\\\/12\\\/AdobeStock_247320461opt.jpg\",\"datePublished\":\"2023-06-01T15:45:40+00:00\",\"dateModified\":\"2023-06-12T14:32:33+00:00\",\"breadcrumb\":{\"@id\":\"https:\\\/\\\/prescot.pl\\\/sv\\\/vilka-parametrar-bor-jag-vara-uppmarksam-pa-nar-jag-koper-led-ljuskallor\\\/#breadcrumb\"},\"inLanguage\":\"sv-SE\",\"potentialAction\":[{\"@type\":\"ReadAction\",\"target\":[\"https:\\\/\\\/prescot.pl\\\/sv\\\/vilka-parametrar-bor-jag-vara-uppmarksam-pa-nar-jag-koper-led-ljuskallor\\\/\"]}]},{\"@type\":\"ImageObject\",\"inLanguage\":\"sv-SE\",\"@id\":\"https:\\\/\\\/prescot.pl\\\/sv\\\/vilka-parametrar-bor-jag-vara-uppmarksam-pa-nar-jag-koper-led-ljuskallor\\\/#primaryimage\",\"url\":\"https:\\\/\\\/prescot.pl\\\/wp-content\\\/uploads\\\/2021\\\/12\\\/AdobeStock_247320461opt.jpg\",\"contentUrl\":\"https:\\\/\\\/prescot.pl\\\/wp-content\\\/uploads\\\/2021\\\/12\\\/AdobeStock_247320461opt.jpg\",\"width\":1440,\"height\":960},{\"@type\":\"BreadcrumbList\",\"@id\":\"https:\\\/\\\/prescot.pl\\\/sv\\\/vilka-parametrar-bor-jag-vara-uppmarksam-pa-nar-jag-koper-led-ljuskallor\\\/#breadcrumb\",\"itemListElement\":[{\"@type\":\"ListItem\",\"position\":1,\"name\":\"Strona g\u0142\u00f3wna\",\"item\":\"https:\\\/\\\/prescot.pl\\\/sv\\\/\"},{\"@type\":\"ListItem\",\"position\":2,\"name\":\"Vilka parametrar b\u00f6r jag vara uppm\u00e4rksam p\u00e5 n\u00e4r jag k\u00f6per LED-ljusk\u00e4llor?\"}]},{\"@type\":\"WebSite\",\"@id\":\"https:\\\/\\\/prescot.pl\\\/sv\\\/#website\",\"url\":\"https:\\\/\\\/prescot.pl\\\/sv\\\/\",\"name\":\"Prescot\",\"description\":\"\",\"publisher\":{\"@id\":\"https:\\\/\\\/prescot.pl\\\/sv\\\/#organization\"},\"potentialAction\":[{\"@type\":\"SearchAction\",\"target\":{\"@type\":\"EntryPoint\",\"urlTemplate\":\"https:\\\/\\\/prescot.pl\\\/sv\\\/?s={search_term_string}\"},\"query-input\":{\"@type\":\"PropertyValueSpecification\",\"valueRequired\":true,\"valueName\":\"search_term_string\"}}],\"inLanguage\":\"sv-SE\"},{\"@type\":\"Organization\",\"@id\":\"https:\\\/\\\/prescot.pl\\\/sv\\\/#organization\",\"name\":\"PRESCOT sp. z o.o.\",\"url\":\"https:\\\/\\\/prescot.pl\\\/sv\\\/\",\"logo\":{\"@type\":\"ImageObject\",\"inLanguage\":\"sv-SE\",\"@id\":\"https:\\\/\\\/prescot.pl\\\/sv\\\/#\\\/schema\\\/logo\\\/image\\\/\",\"url\":\"https:\\\/\\\/www.prescot.pl\\\/wp-content\\\/uploads\\\/2021\\\/10\\\/PRESCOT_logo-podstawowe.svg\",\"contentUrl\":\"https:\\\/\\\/www.prescot.pl\\\/wp-content\\\/uploads\\\/2021\\\/10\\\/PRESCOT_logo-podstawowe.svg\",\"width\":260,\"height\":30,\"caption\":\"PRESCOT sp. z o.o.\"},\"image\":{\"@id\":\"https:\\\/\\\/prescot.pl\\\/sv\\\/#\\\/schema\\\/logo\\\/image\\\/\"},\"sameAs\":[\"https:\\\/\\\/www.facebook.com\\\/prescot.gizycko\"]},{\"@type\":\"Person\",\"@id\":\"https:\\\/\\\/prescot.pl\\\/sv\\\/#\\\/schema\\\/person\\\/0ad9478762b5a661712f7b80bb0f338e\",\"name\":\"k@rol\",\"image\":{\"@type\":\"ImageObject\",\"inLanguage\":\"sv-SE\",\"@id\":\"https:\\\/\\\/secure.gravatar.com\\\/avatar\\\/3517742583fbb42a7e3e5e3fda9956c2fb7453065fe81c9f3a5cf45de2c54369?s=96&d=mm&r=g\",\"url\":\"https:\\\/\\\/secure.gravatar.com\\\/avatar\\\/3517742583fbb42a7e3e5e3fda9956c2fb7453065fe81c9f3a5cf45de2c54369?s=96&d=mm&r=g\",\"contentUrl\":\"https:\\\/\\\/secure.gravatar.com\\\/avatar\\\/3517742583fbb42a7e3e5e3fda9956c2fb7453065fe81c9f3a5cf45de2c54369?s=96&d=mm&r=g\",\"caption\":\"k@rol\"},\"url\":\"https:\\\/\\\/prescot.pl\\\/sv\\\/author\\\/krol\\\/\"}]}<\/script>\n<!-- \/ Yoast SEO plugin. -->","yoast_head_json":{"title":"Vilka parametrar b\u00f6r jag vara uppm\u00e4rksam p\u00e5 n\u00e4r jag k\u00f6per LED-ljusk\u00e4llor? &#8211; Prescot","robots":{"index":"index","follow":"follow","max-snippet":"max-snippet:-1","max-image-preview":"max-image-preview:large","max-video-preview":"max-video-preview:-1"},"canonical":"https:\/\/prescot.pl\/sv\/vilka-parametrar-bor-jag-vara-uppmarksam-pa-nar-jag-koper-led-ljuskallor\/","og_locale":"sv_SE","og_type":"article","og_title":"Vilka parametrar b\u00f6r jag vara uppm\u00e4rksam p\u00e5 n\u00e4r jag k\u00f6per LED-ljusk\u00e4llor? &#8211; Prescot","og_description":"Vilka parametrar b\u00f6r jag vara uppm\u00e4rksam p\u00e5 n\u00e4r jag k\u00f6per LED-ljusk\u00e4llor? &nbsp; Watt &#8211; Watt \u00e4r ett m\u00e5tt p\u00e5 hur m\u00e5nga watt (W) en gl\u00f6dlampa f\u00f6rbrukar. Kort sagt, den m\u00e4ter energi. Eftersom LED-lampor \u00e4r de mest energieffektiva, anv\u00e4nder de flesta mindre energi och har l\u00e4gre wattal \u00e4n traditionella belysningsprodukter. Lumen &#8211; Lumen (lm) \u00e4r ett [&hellip;]","og_url":"https:\/\/prescot.pl\/sv\/vilka-parametrar-bor-jag-vara-uppmarksam-pa-nar-jag-koper-led-ljuskallor\/","og_site_name":"Prescot","article_publisher":"https:\/\/www.facebook.com\/prescot.gizycko","article_published_time":"2023-06-01T15:45:40+00:00","article_modified_time":"2023-06-12T14:32:33+00:00","og_image":[{"width":1440,"height":960,"url":"https:\/\/prescot.pl\/wp-content\/uploads\/2021\/12\/AdobeStock_247320461opt.jpg","type":"image\/jpeg"}],"author":"k@rol","twitter_card":"summary_large_image","twitter_misc":{"Skriven av":"k@rol","Ber\u00e4knad l\u00e4stid":"1 minut"},"schema":{"@context":"https:\/\/schema.org","@graph":[{"@type":"Article","@id":"https:\/\/prescot.pl\/sv\/vilka-parametrar-bor-jag-vara-uppmarksam-pa-nar-jag-koper-led-ljuskallor\/#article","isPartOf":{"@id":"https:\/\/prescot.pl\/sv\/vilka-parametrar-bor-jag-vara-uppmarksam-pa-nar-jag-koper-led-ljuskallor\/"},"author":{"name":"k@rol","@id":"https:\/\/prescot.pl\/sv\/#\/schema\/person\/0ad9478762b5a661712f7b80bb0f338e"},"headline":"Vilka parametrar b\u00f6r jag vara uppm\u00e4rksam p\u00e5 n\u00e4r jag k\u00f6per LED-ljusk\u00e4llor?","datePublished":"2023-06-01T15:45:40+00:00","dateModified":"2023-06-12T14:32:33+00:00","mainEntityOfPage":{"@id":"https:\/\/prescot.pl\/sv\/vilka-parametrar-bor-jag-vara-uppmarksam-pa-nar-jag-koper-led-ljuskallor\/"},"wordCount":297,"publisher":{"@id":"https:\/\/prescot.pl\/sv\/#organization"},"image":{"@id":"https:\/\/prescot.pl\/sv\/vilka-parametrar-bor-jag-vara-uppmarksam-pa-nar-jag-koper-led-ljuskallor\/#primaryimage"},"thumbnailUrl":"https:\/\/prescot.pl\/wp-content\/uploads\/2021\/12\/AdobeStock_247320461opt.jpg","articleSection":["Okategoriserad"],"inLanguage":"sv-SE"},{"@type":"WebPage","@id":"https:\/\/prescot.pl\/sv\/vilka-parametrar-bor-jag-vara-uppmarksam-pa-nar-jag-koper-led-ljuskallor\/","url":"https:\/\/prescot.pl\/sv\/vilka-parametrar-bor-jag-vara-uppmarksam-pa-nar-jag-koper-led-ljuskallor\/","name":"Vilka parametrar b\u00f6r jag vara uppm\u00e4rksam p\u00e5 n\u00e4r jag k\u00f6per LED-ljusk\u00e4llor? &#8211; Prescot","isPartOf":{"@id":"https:\/\/prescot.pl\/sv\/#website"},"primaryImageOfPage":{"@id":"https:\/\/prescot.pl\/sv\/vilka-parametrar-bor-jag-vara-uppmarksam-pa-nar-jag-koper-led-ljuskallor\/#primaryimage"},"image":{"@id":"https:\/\/prescot.pl\/sv\/vilka-parametrar-bor-jag-vara-uppmarksam-pa-nar-jag-koper-led-ljuskallor\/#primaryimage"},"thumbnailUrl":"https:\/\/prescot.pl\/wp-content\/uploads\/2021\/12\/AdobeStock_247320461opt.jpg","datePublished":"2023-06-01T15:45:40+00:00","dateModified":"2023-06-12T14:32:33+00:00","breadcrumb":{"@id":"https:\/\/prescot.pl\/sv\/vilka-parametrar-bor-jag-vara-uppmarksam-pa-nar-jag-koper-led-ljuskallor\/#breadcrumb"},"inLanguage":"sv-SE","potentialAction":[{"@type":"ReadAction","target":["https:\/\/prescot.pl\/sv\/vilka-parametrar-bor-jag-vara-uppmarksam-pa-nar-jag-koper-led-ljuskallor\/"]}]},{"@type":"ImageObject","inLanguage":"sv-SE","@id":"https:\/\/prescot.pl\/sv\/vilka-parametrar-bor-jag-vara-uppmarksam-pa-nar-jag-koper-led-ljuskallor\/#primaryimage","url":"https:\/\/prescot.pl\/wp-content\/uploads\/2021\/12\/AdobeStock_247320461opt.jpg","contentUrl":"https:\/\/prescot.pl\/wp-content\/uploads\/2021\/12\/AdobeStock_247320461opt.jpg","width":1440,"height":960},{"@type":"BreadcrumbList","@id":"https:\/\/prescot.pl\/sv\/vilka-parametrar-bor-jag-vara-uppmarksam-pa-nar-jag-koper-led-ljuskallor\/#breadcrumb","itemListElement":[{"@type":"ListItem","position":1,"name":"Strona g\u0142\u00f3wna","item":"https:\/\/prescot.pl\/sv\/"},{"@type":"ListItem","position":2,"name":"Vilka parametrar b\u00f6r jag vara uppm\u00e4rksam p\u00e5 n\u00e4r jag k\u00f6per LED-ljusk\u00e4llor?"}]},{"@type":"WebSite","@id":"https:\/\/prescot.pl\/sv\/#website","url":"https:\/\/prescot.pl\/sv\/","name":"Prescot","description":"","publisher":{"@id":"https:\/\/prescot.pl\/sv\/#organization"},"potentialAction":[{"@type":"SearchAction","target":{"@type":"EntryPoint","urlTemplate":"https:\/\/prescot.pl\/sv\/?s={search_term_string}"},"query-input":{"@type":"PropertyValueSpecification","valueRequired":true,"valueName":"search_term_string"}}],"inLanguage":"sv-SE"},{"@type":"Organization","@id":"https:\/\/prescot.pl\/sv\/#organization","name":"PRESCOT sp. z o.o.","url":"https:\/\/prescot.pl\/sv\/","logo":{"@type":"ImageObject","inLanguage":"sv-SE","@id":"https:\/\/prescot.pl\/sv\/#\/schema\/logo\/image\/","url":"https:\/\/www.prescot.pl\/wp-content\/uploads\/2021\/10\/PRESCOT_logo-podstawowe.svg","contentUrl":"https:\/\/www.prescot.pl\/wp-content\/uploads\/2021\/10\/PRESCOT_logo-podstawowe.svg","width":260,"height":30,"caption":"PRESCOT sp. z o.o."},"image":{"@id":"https:\/\/prescot.pl\/sv\/#\/schema\/logo\/image\/"},"sameAs":["https:\/\/www.facebook.com\/prescot.gizycko"]},{"@type":"Person","@id":"https:\/\/prescot.pl\/sv\/#\/schema\/person\/0ad9478762b5a661712f7b80bb0f338e","name":"k@rol","image":{"@type":"ImageObject","inLanguage":"sv-SE","@id":"https:\/\/secure.gravatar.com\/avatar\/3517742583fbb42a7e3e5e3fda9956c2fb7453065fe81c9f3a5cf45de2c54369?s=96&d=mm&r=g","url":"https:\/\/secure.gravatar.com\/avatar\/3517742583fbb42a7e3e5e3fda9956c2fb7453065fe81c9f3a5cf45de2c54369?s=96&d=mm&r=g","contentUrl":"https:\/\/secure.gravatar.com\/avatar\/3517742583fbb42a7e3e5e3fda9956c2fb7453065fe81c9f3a5cf45de2c54369?s=96&d=mm&r=g","caption":"k@rol"},"url":"https:\/\/prescot.pl\/sv\/author\/krol\/"}]}},"_links":{"self":[{"href":"https:\/\/prescot.pl\/sv\/wp-json\/wp\/v2\/posts\/3591","targetHints":{"allow":["GET"]}}],"collection":[{"href":"https:\/\/prescot.pl\/sv\/wp-json\/wp\/v2\/posts"}],"about":[{"href":"https:\/\/prescot.pl\/sv\/wp-json\/wp\/v2\/types\/post"}],"author":[{"embeddable":true,"href":"https:\/\/prescot.pl\/sv\/wp-json\/wp\/v2\/users\/4"}],"replies":[{"embeddable":true,"href":"https:\/\/prescot.pl\/sv\/wp-json\/wp\/v2\/comments?post=3591"}],"version-history":[{"count":1,"href":"https:\/\/prescot.pl\/sv\/wp-json\/wp\/v2\/posts\/3591\/revisions"}],"predecessor-version":[{"id":3594,"href":"https:\/\/prescot.pl\/sv\/wp-json\/wp\/v2\/posts\/3591\/revisions\/3594"}],"wp:featuredmedia":[{"embeddable":true,"href":"https:\/\/prescot.pl\/sv\/wp-json\/wp\/v2\/media\/3499"}],"wp:attachment":[{"href":"https:\/\/prescot.pl\/sv\/wp-json\/wp\/v2\/media?parent=3591"}],"wp:term":[{"taxonomy":"category","embeddable":true,"href":"https:\/\/prescot.pl\/sv\/wp-json\/wp\/v2\/categories?post=3591"},{"taxonomy":"post_tag","embeddable":true,"href":"https:\/\/prescot.pl\/sv\/wp-json\/wp\/v2\/tags?post=3591"}],"curies":[{"name":"wp","href":"https:\/\/api.w.org\/{rel}","templated":true}]}}